{"id":123,"date":"2015-04-24T09:32:49","date_gmt":"2015-04-24T09:32:49","guid":{"rendered":"http:\/\/aulaurbana.umh.es\/?p=123"},"modified":"2015-04-24T09:32:53","modified_gmt":"2015-04-24T09:32:53","slug":"charla-con-umh-claves-para-fomentar-la-autonomia-de-los-mas-pequenos-2","status":"publish","type":"post","link":"https:\/\/aulaurbana.umh.es\/ca\/2015\/04\/24\/charla-con-umh-claves-para-fomentar-la-autonomia-de-los-mas-pequenos-2\/","title":{"rendered":"Charla con UMH \u201cClaves para fomentar la autonom\u00eda de los m\u00e1s peque\u00f1os\u201d."},"content":{"rendered":"<p class=\"qtranxs-available-languages-message qtranxs-available-languages-message-ca\">Ho sentim, aquesta entrada es troba disponible \u00fanicament en <a href=\"https:\/\/aulaurbana.umh.es\/es\/wp-json\/wp\/v2\/posts\/123\" class=\"qtranxs-available-language-link qtranxs-available-language-link-es\" title=\"Espa\u00f1ol\">Espanyol Europeu<\/a>.<\/p>","protected":false},"excerpt":{"rendered":"<p>Ho sentim, aquesta entrada es troba disponible \u00fanicament en Espanyol Europeu.<\/p>\n","protected":false},"author":3160,"featured_media":0,"comment_status":"closed","ping_status":"open","sticky":true,"template":"","format":"standard","meta":{"_links_to":"","_links_to_target":""},"categories":[228],"tags":[],"_links":{"self":[{"href":"https:\/\/aulaurbana.umh.es\/ca\/wp-json\/wp\/v2\/posts\/123"}],"collection":[{"href":"https:\/\/aulaurbana.umh.es\/ca\/wp-json\/wp\/v2\/posts"}],"about":[{"href":"https:\/\/aulaurbana.umh.es\/ca\/wp-json\/wp\/v2\/types\/post"}],"author":[{"embeddable":true,"href":"https:\/\/aulaurbana.umh.es\/ca\/wp-json\/wp\/v2\/users\/3160"}],"replies":[{"embeddable":true,"href":"https:\/\/aulaurbana.umh.es\/ca\/wp-json\/wp\/v2\/comments?post=123"}],"version-history":[{"count":0,"href":"https:\/\/aulaurbana.umh.es\/ca\/wp-json\/wp\/v2\/posts\/123\/revisions"}],"wp:attachment":[{"href":"https:\/\/aulaurbana.umh.es\/ca\/wp-json\/wp\/v2\/media?parent=123"}],"wp:term":[{"taxonomy":"category","embeddable":true,"href":"https:\/\/aulaurbana.umh.es\/ca\/wp-json\/wp\/v2\/categories?post=123"},{"taxonomy":"post_tag","embeddable":true,"href":"https:\/\/aulaurbana.umh.es\/ca\/wp-json\/wp\/v2\/tags?post=123"}],"curies":[{"name":"wp","href":"https:\/\/api.w.org\/{rel}","templated":true}]}}