{"id":134,"date":"2015-05-25T09:37:05","date_gmt":"2015-05-25T09:37:05","guid":{"rendered":"http:\/\/aulaurbana.umh.es\/?p=134"},"modified":"2015-05-25T09:37:05","modified_gmt":"2015-05-25T09:37:05","slug":"charla-con-umh-claves-para-fomentar-la-autonomia-de-los-mas-pequenos-3","status":"publish","type":"post","link":"https:\/\/aulaurbana.umh.es\/en\/2015\/05\/25\/charla-con-umh-claves-para-fomentar-la-autonomia-de-los-mas-pequenos-3\/","title":{"rendered":"Charla con UMH \u201cClaves para fomentar la autonom\u00eda de los m\u00e1s peque\u00f1os\u201d"},"content":{"rendered":"<p class=\"qtranxs-available-languages-message qtranxs-available-languages-message-en\">Sorry, this entry is only available in <a href=\"https:\/\/aulaurbana.umh.es\/es\/wp-json\/wp\/v2\/posts\/134\" class=\"qtranxs-available-language-link qtranxs-available-language-link-es\" title=\"Espa\u00f1ol\">European Spanish<\/a>.<\/p>","protected":false},"excerpt":{"rendered":"<p>Sorry, this entry is only available in European Spanish.<\/p>\n","protected":false},"author":3160,"featured_media":0,"comment_status":"closed","ping_status":"open","sticky":true,"template":"","format":"standard","meta":{"_links_to":"","_links_to_target":""},"categories":[228],"tags":[],"_links":{"self":[{"href":"https:\/\/aulaurbana.umh.es\/en\/wp-json\/wp\/v2\/posts\/134"}],"collection":[{"href":"https:\/\/aulaurbana.umh.es\/en\/wp-json\/wp\/v2\/posts"}],"about":[{"href":"https:\/\/aulaurbana.umh.es\/en\/wp-json\/wp\/v2\/types\/post"}],"author":[{"embeddable":true,"href":"https:\/\/aulaurbana.umh.es\/en\/wp-json\/wp\/v2\/users\/3160"}],"replies":[{"embeddable":true,"href":"https:\/\/aulaurbana.umh.es\/en\/wp-json\/wp\/v2\/comments?post=134"}],"version-history":[{"count":0,"href":"https:\/\/aulaurbana.umh.es\/en\/wp-json\/wp\/v2\/posts\/134\/revisions"}],"wp:attachment":[{"href":"https:\/\/aulaurbana.umh.es\/en\/wp-json\/wp\/v2\/media?parent=134"}],"wp:term":[{"taxonomy":"category","embeddable":true,"href":"https:\/\/aulaurbana.umh.es\/en\/wp-json\/wp\/v2\/categories?post=134"},{"taxonomy":"post_tag","embeddable":true,"href":"https:\/\/aulaurbana.umh.es\/en\/wp-json\/wp\/v2\/tags?post=134"}],"curies":[{"name":"wp","href":"https:\/\/api.w.org\/{rel}","templated":true}]}}